{"id":6413,"date":"2022-10-28T20:00:00","date_gmt":"2022-10-28T20:00:00","guid":{"rendered":"https:\/\/senhorviagens.com\/?p=6413"},"modified":"2022-10-28T16:45:36","modified_gmt":"2022-10-28T16:45:36","slug":"dicas-mala-de-viagem-a-trabalho","status":"publish","type":"post","link":"https:\/\/senhorviagens.com\/fr\/dicas-mala-de-viagem-a-trabalho\/","title":{"rendered":"7 astuces pour organiser son sac de voyage professionnel !"},"content":{"rendered":"<!--advertisement--><div class=\"mx-5 sm:mx-0 sm:text-3xl text-2xl font-medium title-font mb-4 text-gray-900 text-left\">\n<h2 id=\"h-vai-viajar-a-trabalho-entao-veja-como-fazer-suas-malas-para-nao-esquecer-de-nada\"><a><\/a>Allez-vous voyager pour le travail ? Alors voyez comment faire vos valises pour ne rien oublier !<\/h2>\n<\/div><!--image--><div class=\"px-5 sm:px-0 sm:w-[800px] sm:ml-[50%] sm:-translate-x-2\/4 rounded-lg overflow-hidden mb-5 text-center\">\n<figure class=\"wp-block-image size-large\"><img width=\"1024\" height=\"683\" loading=\"lazy\" src=\"https:\/\/senhorviagens.com\/wp-content\/uploads\/2022\/10\/AdobeStock_211056303-1024x683.jpeg\" alt=\"Mala de viagem de neg\u00f3cios aberta\" class=\"w-full object-cover object-center border mx-auto wp-image-6415\" srcset=\"https:\/\/senhorviagens.com\/wp-content\/uploads\/2022\/10\/AdobeStock_211056303-1024x683.jpeg 1024w, https:\/\/senhorviagens.com\/wp-content\/uploads\/2022\/10\/AdobeStock_211056303-300x200.jpeg 300w, https:\/\/senhorviagens.com\/wp-content\/uploads\/2022\/10\/AdobeStock_211056303-768x512.jpeg 768w, https:\/\/senhorviagens.com\/wp-content\/uploads\/2022\/10\/AdobeStock_211056303-1536x1025.jpeg 1536w, https:\/\/senhorviagens.com\/wp-content\/uploads\/2022\/10\/AdobeStock_211056303-2048x1366.jpeg 2048w, https:\/\/senhorviagens.com\/wp-content\/uploads\/2022\/10\/AdobeStock_211056303-150x100.jpeg 150w\" sizes=\"(max-width: 1024px) 100vw, 1024px\" \/><figcaption class=\"mt-5 text-xs text-center border-b pb-4\" >Alors, d\u00e9couvrez quelques conseils pour pr\u00e9parer votre sac de voyage d\u2019affaires ! Source : AdobeStock.<\/figcaption><\/figure>\n<\/div><!--image--><div class=\"mx-5 sm:mx-0 prose leading-relaxed text-lg mb-5 text-left wp-paragraph\">\n<p>Bien que beaucoup pensent qu&#039;il est plus facile de planifier un voyage d&#039;affaires, quelques conseils lors de la pr\u00e9paration de votre valise peuvent \u00e9viter des pertes et du stress inutiles. Apr\u00e8s tout, ce n\u2019est pas une visite ordinaire !<\/p>\n<\/div><div class=\"mx-5 sm:mx-0 prose leading-relaxed text-lg mb-5 text-left wp-paragraph\">\n<p>Autrement dit, voyager pour le travail est une grande responsabilit\u00e9 et vos bagages doivent contenir des objets importants sans compromettre l&#039;espace. Il est donc essentiel de s\u2019organiser pour ne pas laisser quelque chose derri\u00e8re soi.<\/p>\n<\/div><div class=\"wp-block-lazyblock-cta lazyblock-cta-2pBRg\">\n  <section class=\"cta mx-5 sm:mx-0 text-gray-600 body-font my-10 border-gray-200 border-b border-l border-r sm:border-0\">\n    <div class=\"h-1 bg-gray-200 rounded overflow-hidden\">\n      <div class=\"w-24 h-full\"><\/div>\n    <\/div>\n    <div class=\"container px-5 pt-6 pb-6 mx-auto flex flex-wrap\" data-anchor-target=\"lazyBlock\">    \n    \n              <a class=\"flex flex-wrap content-center w-full mb-4 md:hidden\" href=\"https:\/\/senhorviagens.com\/fr\/viagem-a-trabalho\/\"  data-analytics-label=\"ctaImage\" data-action=\"analytics#trackCTA\" aria-label=\"5 conseils pour partir en voyage d&#039;affaires : profitez-en au maximum et \u00e9vitez les impr\u00e9vus !\">\n          <div class=\"m-auto float-none\">\n            <img loading=\"lazy\" src=\"https:\/\/senhorviagens.com\/wp-content\/uploads\/2022\/03\/pexels-photo-837129.webp\" alt=\"Homem carregando malas\">\n          <\/div>\n        <\/a>\n            <h2 class=\"w-full sm:text-3xl text-2xl text-gray-900 font-medium title-font mb-2 text-center md:text-left md:w-2\/5\">\n        <a href=\"https:\/\/senhorviagens.com\/fr\/viagem-a-trabalho\/\" data-analytics-label=\"ctaTitle\" data-action=\"analytics#trackCTA\" aria-label=\"5 conseils pour partir en voyage d&#039;affaires : profitez-en au maximum et \u00e9vitez les impr\u00e9vus !\">\n            5 conseils pour partir en voyage d&#039;affaires : profitez-en au maximum et \u00e9vitez les impr\u00e9vus !        <\/a>\n      <\/h2>\n      <div class=\"w-full md:w-3\/5 md:pl-6\">\n        <p class=\"text-center md:text-left leading-relaxed text-base\">\n            Les voyages d&#039;affaires ne doivent pas n\u00e9cessairement \u00eatre uniquement li\u00e9s au travail. Il est possible de profiter des loisirs sur place sans compromettre sa vie professionnelle.         <\/p>\n        <div class=\"flex mt-6 w-full flex-1 justify-center ml-auto md:mt-4 md:justify-start\" style=\"font-weight: bold;\">\n          <a class=\"inline-flex items-center\" href=\"https:\/\/senhorviagens.com\/fr\/viagem-a-trabalho\/\"  data-analytics-label=\"ctaButton\" data-action=\"analytics#trackCTA\" >\n            Continuer la conf\u00e9rence            <svg fill=\"none\" stroke=\"currentColor\" stroke-linecap=\"round\" stroke-linejoin=\"round\" stroke-width=\"2\" class=\"w-4 h-4 ml-2\" viewbox=\"0 0 24 24\">\n              <path d=\"M5 12h14M12 5l7 7-7 7\"><\/path>\n            <\/svg>\n          <\/a>\n        <\/div>\n      <\/div>  \n          \n    <\/div>\n      <script type=\"module\"> function waitFor(conditionFunction) { const poll = resolve => { if(conditionFunction()) resolve(); else setTimeout(_ => poll(resolve), 400); }; return new Promise(poll); } import { Application, Controller } from \"\/wp-content\/themes\/twentytwentyone\/assets\/js\/stimulus.min.js\"; let Stimulus = Application.start(); Stimulus.register(\"anchor\", class extends Controller { static get targets() { return [ \"lazyBlock\", \"lazyBlockAnchor\" ]; } initialize() { this.active = false; this.passed = false; this.closed = false; this.anchorViews = 0; this.boundOnShowAnchor = this.onShowAnchor.bind(this); window.anchorReady = window.anchorReady || false; waitFor(_ => (window.scrollY > this.getHeightBlock() && !this.active)) .then(_ => { !window.anchorReady? this.visible() : ''; window.anchorReady = true; }); if (document.getElementById('landing')) { setTimeout(() => { !window.anchorReady ? this.visible() : ''; window.anchorReady = true; }, 1 * 30000); }; } connect() { this.onShowAnchor(); document.addEventListener(\"scroll\", this.boundOnShowAnchor); } disconnect() { document.removeEventListener(\"scroll\", this.boundOnShowAnchor); } visible() { if (document.getElementById('av-offerwall__wrapper')) { setTimeout(() => this.visible(), 20000); return; } if (document.getElementById('av-fixed__bottomWrapper') && document.getElementById('av-fixed__bottomWrapper').style.display !== 'none' && document.getElementById('av-fixed__bottomWrapper').getBoundingClientRect().height > 100) { setTimeout(() => this.visible(), 1000); return; } if (document.getElementById('av-fixed__bottomWrapper') && document.getElementById('av-fixed__bottomWrapper').style.display !== 'none' && document.getElementById('av-fixed__bottomWrapper').getBoundingClientRect().height > 10) { this.getAnchorElement().style.marginBottom = '60px'; } if (document.querySelector('[data-anchor-shown=\"true\"]') && document.querySelector('[data-anchor-shown=\"true\"]').style.bottom === '0px') { setTimeout(() => this.visible(), 1000); return; } if (!window.km2AnchorReady) { this.active = true; \/*this.getAnchorElement().style.animation = \"none\"; this.getAnchorElement().classList.remove('animate-show-down');*\/ \/*this.getAnchorElement().classList.add('animate-show-up');*\/ \/*setTimeout(() => {*\/ \/*this.getAnchorElement().style.animation = \"\";*\/ this.getAnchorElement().classList.add('animate-show-up'); this.getAnchorElement().classList.remove('hidden'); this.setAnchorViews(this.anchorViews+1); setTimeout(() => this.closeAnchor(), 20000); waitFor(_ => (document.getElementById('av-fixed__bottomWrapper') && document.getElementById('av-fixed__bottomWrapper').style.display !== 'none' && document.getElementById('av-fixed__bottomWrapper').getBoundingClientRect().height > 10 && this.getAnchorElement().style.marginBottom !== '60px')) .then(_ => { this.closeAnchor(); }); this.active = false; \/*}, 10);*\/ } } invisible() { this.active = true; this.getAnchorElement().style.animation = \"none\"; this.getAnchorElement().classList.remove('animate-show-up'); this.getAnchorElement().classList.add('animate-show-down'); setTimeout(() => { this.getAnchorElement().style.animation = \"\"; setTimeout(() => { this.getAnchorElement().classList.add('hidden'); this.active = false; }, 800); }, 10); } onShowAnchor() { let anchorReady = false;  \/*if (!this.active && !anchorReady) { if (this.getAnchorViews() <= 3) { if (window.scrollY > this.getHeightBlock()) { if (!this.passed && !this.closed) { this.visible(); this.passed = true; } } else { if (this.passed) { this.invisible(); this.passed = false; } } } else { if (!this.getAnchorElement().classList.contains('close')) { this.getAnchorElement().classList.add('close'); if (window.scrollY < this.getHeightBlock()) { this.invisible(); } } } }*\/ } closeAnchor() { if (this.closed) return; this.invisible(); this.getAnchorElement().classList.add('close'); this.closed = true; } getAnchorElement() { return this.lazyBlockAnchorTargets[0]; } getAnchorViews() { this.anchorViews = parseInt(sessionStorage.getItem(\"anchorViews\")) >= 1 ? parseInt(sessionStorage.getItem(\"anchorViews\")) : 0; return this.anchorViews; } setAnchorViews(views) { sessionStorage.setItem(\"anchorViews\", views); } getHeightBlock() { return this.lazyBlockTarget.offsetTop + this.lazyBlockTarget.offsetHeight - 110; } }) <\/script>  <div data-anchor-target=\"lazyBlockAnchor\" class=\"fixed w-full sm:w-96 px-3 py-2 bottom-0 left-0 hidden\" style=\"z-index: 999999;\" name=\"lazyBlockAnchor\">\n    <div class=\"grid justify-items-stretch\">        \n              <div class=\"relative justify-self-end top-4 -right-2\">\n          <button data-no-translation class=\"bg-white text-md font-medium text-center rounded-full h-7 w-7 border-2\" data-analytics-label=\"anchorCloseAnchor\" data-action=\"anchor#closeAnchor\" style=\"z-index: 999999;\">\n            X\n          <\/button>\n        <\/div>\n        <div class=\"justify-self-auto flex flex-col h-32 bg-white border-solid border-2 shadow-md rounded-md\">\n          <div class=\"flex my-0 h-full\">\n            <div class=\"w-2\/5 p-1 ml-2 mt-2 w-full\">\n              <a href=\"https:\/\/senhorviagens.com\/fr\/viagem-a-trabalho\/\"  data-analytics-label=\"anchorImage\" data-action=\"analytics#trackCTA\">          \n                <img loading=\"lazy\" alt=\"card\" class=\"w-full object-cover h-24 object-center rounded justify-self-auto border-2 border-gray-100\" src=\"https:\/\/senhorviagens.com\/wp-content\/uploads\/2022\/03\/pexels-photo-837129.webp\">          \n              <\/a>\n            <\/div>\n            <div class=\"w-3\/5 my-2\">\n              <p class=\"px-4 text-center text-xs h-1\/2\">\n                5 conseils pour voyager pour le travail : en profiter et l\u2019\u00e9viter\u2026              <\/p>\n              <a href=\"https:\/\/senhorviagens.com\/fr\/viagem-a-trabalho\/\"  data-analytics-label=\"anchorButton\" data-action=\"analytics#trackCTA\" >\n                <button class=\"flex w-5\/6 m-auto mt-2 border-0 py-1 px-3 focus:outline-none rounded\">                \n                  <p class=\"text-center w-full\" style=\"font-size: 0.67rem;\">\n                    Continuer la conf\u00e9rence                  <\/p>\n                <\/button>\n              <\/a>\n              <p class=\"text-gray-500 text-center mt-1\" style=\"font-size: 0.50rem;\">\n                Je me reposerai sur mon propre site Web              <\/p>\n            <\/div>\n          <\/div>\n        <\/div>\n          <\/div>\n  <\/div>\n  <\/section>\n\n<\/div><div class=\"mx-5 sm:mx-0 prose leading-relaxed text-lg mb-5 text-left wp-paragraph\">\n<p>En ce sens, nous avons pr\u00e9par\u00e9 un contenu sp\u00e9cial avec quelques conseils efficaces pour que vous puissiez assembler votre valise de mani\u00e8re rapide et pratique. Vous pourrez ainsi effectuer votre d\u00e9placement professionnel en toute s\u00e9r\u00e9nit\u00e9.<\/p>\n<\/div><div class=\"mx-5 sm:mx-0 prose leading-relaxed text-lg mb-5 text-left wp-paragraph\">\n<p>En fait, surtout si c&#039;est votre premier voyage d&#039;affaires, les informations suivantes peuvent \u00eatre essentielles pour une bonne exp\u00e9rience. Alors continuez \u00e0 lire et d\u00e9couvrez tout ce que vous devez savoir\u00a0!<\/p>\n<\/div><!--advertisement--><div class=\"mx-5 sm:mx-0 sm:text-3xl text-2xl font-medium title-font mb-4 text-gray-900 text-left\">\n<h2 id=\"h-pense-em-uma-mala-de-acordo-com-a-duracao-da-sua-viagem\">Pensez \u00e0 une valise en fonction de la dur\u00e9e de votre voyage !<\/h2>\n<\/div><!--image--><div class=\"px-5 sm:px-0 sm:w-[800px] sm:ml-[50%] sm:-translate-x-2\/4 rounded-lg overflow-hidden mb-5 text-center\">\n<figure class=\"wp-block-image size-large\"><img width=\"1024\" height=\"683\" loading=\"lazy\" src=\"https:\/\/senhorviagens.com\/wp-content\/uploads\/2022\/10\/AdobeStock_194383246-1024x683.jpeg\" alt=\"Mulher de neg\u00f3cios andando com mala\" class=\"w-full object-cover object-center border mx-auto wp-image-6416\" srcset=\"https:\/\/senhorviagens.com\/wp-content\/uploads\/2022\/10\/AdobeStock_194383246-1024x683.jpeg 1024w, https:\/\/senhorviagens.com\/wp-content\/uploads\/2022\/10\/AdobeStock_194383246-300x200.jpeg 300w, https:\/\/senhorviagens.com\/wp-content\/uploads\/2022\/10\/AdobeStock_194383246-768x512.jpeg 768w, https:\/\/senhorviagens.com\/wp-content\/uploads\/2022\/10\/AdobeStock_194383246-1536x1024.jpeg 1536w, https:\/\/senhorviagens.com\/wp-content\/uploads\/2022\/10\/AdobeStock_194383246-2048x1365.jpeg 2048w, https:\/\/senhorviagens.com\/wp-content\/uploads\/2022\/10\/AdobeStock_194383246-150x100.jpeg 150w\" sizes=\"(max-width: 1024px) 100vw, 1024px\" \/><figcaption class=\"mt-5 text-xs text-center border-b pb-4\" >Apr\u00e8s tout, comment choisir la valise et les objets \u00e0 emporter ? Source : AdobeStock.<\/figcaption><\/figure>\n<\/div><!--image--><div class=\"mx-5 sm:mx-0 prose leading-relaxed text-lg mb-5 text-left wp-paragraph\">\n<p>Tout comme pour un voyage de loisirs, il est essentiel que vous r\u00e9fl\u00e9chissiez au nombre de jours que vous passerez loin de chez vous avant de commencer \u00e0 faire vos valises. Apr\u00e8s tout, le nombre d&#039;articles d\u00e9pendra de la dur\u00e9e du voyage.<\/p>\n<\/div><div class=\"mx-5 sm:mx-0 prose leading-relaxed text-lg mb-5 text-left wp-paragraph\">\n<p>\u00c9vitez toutefois d\u2019emporter trop de v\u00eatements et d\u2019accessoires, m\u00eame si vous voyagez pendant une longue p\u00e9riode. En ce sens, r\u00e9fl\u00e9chir \u00e0 des combinaisons vestimentaires strat\u00e9giques peut vous faire gagner de la place et de l\u2019argent !<\/p>\n<\/div><div class=\"mx-5 sm:mx-0 prose leading-relaxed text-lg mb-5 text-left wp-paragraph\">\n<p>Actuellement, les compagnies a\u00e9riennes ont de nouvelles r\u00e8gles en mati\u00e8re de bagages et vous pourriez finir par payer des frais exorbitants \u00e0 l&#039;embarquement. Par cons\u00e9quent, pr\u00e9parez une valise adapt\u00e9e au nombre de jours pendant lesquels vous serez absent.<\/p>\n<\/div><div class=\"mx-5 sm:mx-0 prose leading-relaxed text-lg mb-5 text-left wp-paragraph\">\n<p>De plus, il peut \u00eatre utile de laver certains articles pour les r\u00e9utiliser pendant votre voyage. V\u00e9rifiez donc aupr\u00e8s de votre h\u00e9bergement si ce type de service est disponible avant de trier vos v\u00eatements.<\/p>\n<\/div><!--advertisement--><div class=\"mx-5 sm:mx-0 sm:text-3xl text-2xl font-medium title-font mb-4 text-gray-900 text-left\">\n<h2 id=\"h-o-que-nao-posso-levar-na-mala-em-uma-viagem-de-aviao\">Que ne puis-je pas emporter dans ma valise lors d&#039;un voyage en avion ?<\/h2>\n<\/div><div class=\"mx-5 sm:mx-0 prose leading-relaxed text-lg mb-5 text-left wp-paragraph\">\n<p>Si vous partez en voyage d&#039;affaires et devez prendre un avion, faites attention aux r\u00e8gles de l&#039;Agence Nationale de l&#039;Aviation Civile, ANAC. Apr\u00e8s tout, c\u2019est elle qui d\u00e9cide de ce qu\u2019elle peut ou ne peut pas emporter dans sa valise \u00e0 bord de l\u2019avion.<\/p>\n<\/div><div class=\"mx-5 sm:mx-0 prose leading-relaxed text-lg mb-5 text-left wp-paragraph\">\n<p>M\u00eame si les r\u00e8gles sont un peu diff\u00e9rentes entre bagages \u00e0 main et bagages enregistr\u00e9s, certains objets sont strictement interdits ! Par exemple, les produits inflammables, les peintures et les carburants ne peuvent pas entrer dans l\u2019avion.<\/p>\n<\/div><div class=\"wp-block-lazyblock-cta lazyblock-cta-Z16m8kO\">\n  <section class=\"cta mx-5 sm:mx-0 text-gray-600 body-font my-10 border-gray-200 border-b border-l border-r sm:border-0\">\n    <div class=\"h-1 bg-gray-200 rounded overflow-hidden\">\n      <div class=\"w-24 h-full\"><\/div>\n    <\/div>\n    <div class=\"container px-5 pt-6 pb-6 mx-auto flex flex-wrap\" data-anchor-target=\"lazyBlock\">    \n    \n              <a class=\"flex flex-wrap content-center w-full mb-4 md:hidden\" href=\"https:\/\/senhorviagens.com\/fr\/dicas-comprar-passagem-de-aviao\/\"  data-analytics-label=\"ctaImage\" data-action=\"analytics#trackCTA\" aria-label=\"D\u00e9couvrez nos conseils pour acheter un billet d&#039;avion facilement ! \">\n          <div class=\"m-auto float-none\">\n            <img loading=\"lazy\" src=\"https:\/\/senhorviagens.com\/wp-content\/uploads\/2022\/08\/AdobeStock_509140206-scaled.jpeg\" alt=\"Homem feliz segurando passagens a\u00e9reas\">\n          <\/div>\n        <\/a>\n            <h2 class=\"w-full sm:text-3xl text-2xl text-gray-900 font-medium title-font mb-2 text-center md:text-left md:w-2\/5\">\n        <a href=\"https:\/\/senhorviagens.com\/fr\/dicas-comprar-passagem-de-aviao\/\" data-analytics-label=\"ctaTitle\" data-action=\"analytics#trackCTA\" aria-label=\"D\u00e9couvrez nos conseils pour acheter un billet d&#039;avion facilement ! \">\n            D\u00e9couvrez nos conseils pour acheter un billet d&#039;avion facilement !         <\/a>\n      <\/h2>\n      <div class=\"w-full md:w-3\/5 md:pl-6\">\n        <p class=\"text-center md:text-left leading-relaxed text-base\">\n            Le billet d\u2019avion constitue g\u00e9n\u00e9ralement la d\u00e9pense la plus importante en mati\u00e8re de voyage. Il est m\u00eame important d\u2019\u00eatre conscient de faire le meilleur achat dans un endroit s\u00fbr.        <\/p>\n        <div class=\"flex mt-6 w-full flex-1 justify-center ml-auto md:mt-4 md:justify-start\" style=\"font-weight: bold;\">\n          <a class=\"inline-flex items-center\" href=\"https:\/\/senhorviagens.com\/fr\/dicas-comprar-passagem-de-aviao\/\"  data-analytics-label=\"ctaButton\" data-action=\"analytics#trackCTA\" >\n            Continuer la conf\u00e9rence            <svg fill=\"none\" stroke=\"currentColor\" stroke-linecap=\"round\" stroke-linejoin=\"round\" stroke-width=\"2\" class=\"w-4 h-4 ml-2\" viewbox=\"0 0 24 24\">\n              <path d=\"M5 12h14M12 5l7 7-7 7\"><\/path>\n            <\/svg>\n          <\/a>\n        <\/div>\n      <\/div>  \n          \n    <\/div>\n      <script type=\"module\"> function waitFor(conditionFunction) { const poll = resolve => { if(conditionFunction()) resolve(); else setTimeout(_ => poll(resolve), 400); }; return new Promise(poll); } import { Application, Controller } from \"\/wp-content\/themes\/twentytwentyone\/assets\/js\/stimulus.min.js\"; let Stimulus = Application.start(); Stimulus.register(\"anchor\", class extends Controller { static get targets() { return [ \"lazyBlock\", \"lazyBlockAnchor\" ]; } initialize() { this.active = false; this.passed = false; this.closed = false; this.anchorViews = 0; this.boundOnShowAnchor = this.onShowAnchor.bind(this); window.anchorReady = window.anchorReady || false; waitFor(_ => (window.scrollY > this.getHeightBlock() && !this.active)) .then(_ => { !window.anchorReady? this.visible() : ''; window.anchorReady = true; }); if (document.getElementById('landing')) { setTimeout(() => { !window.anchorReady ? this.visible() : ''; window.anchorReady = true; }, 1 * 30000); }; } connect() { this.onShowAnchor(); document.addEventListener(\"scroll\", this.boundOnShowAnchor); } disconnect() { document.removeEventListener(\"scroll\", this.boundOnShowAnchor); } visible() { if (document.getElementById('av-offerwall__wrapper')) { setTimeout(() => this.visible(), 20000); return; } if (document.getElementById('av-fixed__bottomWrapper') && document.getElementById('av-fixed__bottomWrapper').style.display !== 'none' && document.getElementById('av-fixed__bottomWrapper').getBoundingClientRect().height > 100) { setTimeout(() => this.visible(), 1000); return; } if (document.getElementById('av-fixed__bottomWrapper') && document.getElementById('av-fixed__bottomWrapper').style.display !== 'none' && document.getElementById('av-fixed__bottomWrapper').getBoundingClientRect().height > 10) { this.getAnchorElement().style.marginBottom = '60px'; } if (document.querySelector('[data-anchor-shown=\"true\"]') && document.querySelector('[data-anchor-shown=\"true\"]').style.bottom === '0px') { setTimeout(() => this.visible(), 1000); return; } if (!window.km2AnchorReady) { this.active = true; \/*this.getAnchorElement().style.animation = \"none\"; this.getAnchorElement().classList.remove('animate-show-down');*\/ \/*this.getAnchorElement().classList.add('animate-show-up');*\/ \/*setTimeout(() => {*\/ \/*this.getAnchorElement().style.animation = \"\";*\/ this.getAnchorElement().classList.add('animate-show-up'); this.getAnchorElement().classList.remove('hidden'); this.setAnchorViews(this.anchorViews+1); setTimeout(() => this.closeAnchor(), 20000); waitFor(_ => (document.getElementById('av-fixed__bottomWrapper') && document.getElementById('av-fixed__bottomWrapper').style.display !== 'none' && document.getElementById('av-fixed__bottomWrapper').getBoundingClientRect().height > 10 && this.getAnchorElement().style.marginBottom !== '60px')) .then(_ => { this.closeAnchor(); }); this.active = false; \/*}, 10);*\/ } } invisible() { this.active = true; this.getAnchorElement().style.animation = \"none\"; this.getAnchorElement().classList.remove('animate-show-up'); this.getAnchorElement().classList.add('animate-show-down'); setTimeout(() => { this.getAnchorElement().style.animation = \"\"; setTimeout(() => { this.getAnchorElement().classList.add('hidden'); this.active = false; }, 800); }, 10); } onShowAnchor() { let anchorReady = false;  \/*if (!this.active && !anchorReady) { if (this.getAnchorViews() <= 3) { if (window.scrollY > this.getHeightBlock()) { if (!this.passed && !this.closed) { this.visible(); this.passed = true; } } else { if (this.passed) { this.invisible(); this.passed = false; } } } else { if (!this.getAnchorElement().classList.contains('close')) { this.getAnchorElement().classList.add('close'); if (window.scrollY < this.getHeightBlock()) { this.invisible(); } } } }*\/ } closeAnchor() { if (this.closed) return; this.invisible(); this.getAnchorElement().classList.add('close'); this.closed = true; } getAnchorElement() { return this.lazyBlockAnchorTargets[0]; } getAnchorViews() { this.anchorViews = parseInt(sessionStorage.getItem(\"anchorViews\")) >= 1 ? parseInt(sessionStorage.getItem(\"anchorViews\")) : 0; return this.anchorViews; } setAnchorViews(views) { sessionStorage.setItem(\"anchorViews\", views); } getHeightBlock() { return this.lazyBlockTarget.offsetTop + this.lazyBlockTarget.offsetHeight - 110; } }) <\/script>  <div data-anchor-target=\"lazyBlockAnchor\" class=\"fixed w-full sm:w-96 px-3 py-2 bottom-0 left-0 hidden\" style=\"z-index: 999999;\" name=\"lazyBlockAnchor\">\n    <div class=\"grid justify-items-stretch\">        \n              <div class=\"relative justify-self-end top-4 -right-2\">\n          <button data-no-translation class=\"bg-white text-md font-medium text-center rounded-full h-7 w-7 border-2\" data-analytics-label=\"anchorCloseAnchor\" data-action=\"anchor#closeAnchor\" style=\"z-index: 999999;\">\n            X\n          <\/button>\n        <\/div>\n        <div class=\"justify-self-auto flex flex-col h-32 bg-white border-solid border-2 shadow-md rounded-md\">\n          <div class=\"flex my-0 h-full\">\n            <div class=\"w-2\/5 p-1 ml-2 mt-2 w-full\">\n              <a href=\"https:\/\/senhorviagens.com\/fr\/dicas-comprar-passagem-de-aviao\/\"  data-analytics-label=\"anchorImage\" data-action=\"analytics#trackCTA\">          \n                <img loading=\"lazy\" alt=\"card\" class=\"w-full object-cover h-24 object-center rounded justify-self-auto border-2 border-gray-100\" src=\"https:\/\/senhorviagens.com\/wp-content\/uploads\/2022\/08\/AdobeStock_509140206-scaled.jpeg\">          \n              <\/a>\n            <\/div>\n            <div class=\"w-3\/5 my-2\">\n              <p class=\"px-4 text-center text-xs h-1\/2\">\n                D\u00e9couvrez nos astuces pour acheter un billet d\u2019avion facilement !\u2026              <\/p>\n              <a href=\"https:\/\/senhorviagens.com\/fr\/dicas-comprar-passagem-de-aviao\/\"  data-analytics-label=\"anchorButton\" data-action=\"analytics#trackCTA\" >\n                <button class=\"flex w-5\/6 m-auto mt-2 border-0 py-1 px-3 focus:outline-none rounded\">                \n                  <p class=\"text-center w-full\" style=\"font-size: 0.67rem;\">\n                    Continuer la conf\u00e9rence                  <\/p>\n                <\/button>\n              <\/a>\n              <p class=\"text-gray-500 text-center mt-1\" style=\"font-size: 0.50rem;\">\n                Je me reposerai sur mon propre site Web              <\/p>\n            <\/div>\n          <\/div>\n        <\/div>\n          <\/div>\n  <\/div>\n  <\/section>\n\n<\/div><div class=\"mx-5 sm:mx-0 prose leading-relaxed text-lg mb-5 text-left wp-paragraph\">\n<p>De plus, les batteries lithium-ion et les boissons dont la teneur en alcool est sup\u00e9rieure \u00e0 70% sont \u00e9galement interdites \u00e0 l&#039;int\u00e9rieur de l&#039;avion. De plus, certains autres objets sont \u00e9galement interdits dans votre bagage \u00e0 main, alors soyez vigilant !<\/p>\n<\/div><div class=\"mx-5 sm:mx-0 prose leading-relaxed text-lg mb-5 text-left wp-paragraph\">\n<p>Les substances chimiques et toxiques, les objets pointus et les bouteilles contenant plus de 100 ml de liquide doivent \u00eatre dans les bagages enregistr\u00e9s. Bien que certains \u00e9l\u00e9ments soient \u00e9vidents, il est important de v\u00e9rifier la liste compl\u00e8te avant d\u2019embarquer.<\/p>\n<\/div><!--advertisement--><div class=\"mx-5 sm:mx-0 sm:text-3xl text-2xl font-medium title-font mb-4 text-gray-900 text-left\">\n<h2 id=\"h-mala-de-viagem-a-trabalho-veja-7-dicas-para-montar-a-sua\">Valise de voyage pour le travail : d\u00e9couvrez 7 conseils pour composer la v\u00f4tre !<\/h2>\n<\/div><!--image--><div class=\"px-5 sm:px-0 sm:w-[800px] sm:ml-[50%] sm:-translate-x-2\/4 rounded-lg overflow-hidden mb-5 text-center\">\n<figure class=\"wp-block-image size-large\"><img width=\"1024\" height=\"682\" loading=\"lazy\" src=\"https:\/\/senhorviagens.com\/wp-content\/uploads\/2022\/10\/AdobeStock_176872976-1024x682.jpeg\" alt=\"Homem e mulher andando com malas\" class=\"w-full object-cover object-center border mx-auto wp-image-6418\" srcset=\"https:\/\/senhorviagens.com\/wp-content\/uploads\/2022\/10\/AdobeStock_176872976-1024x682.jpeg 1024w, https:\/\/senhorviagens.com\/wp-content\/uploads\/2022\/10\/AdobeStock_176872976-300x200.jpeg 300w, https:\/\/senhorviagens.com\/wp-content\/uploads\/2022\/10\/AdobeStock_176872976-768x511.jpeg 768w, https:\/\/senhorviagens.com\/wp-content\/uploads\/2022\/10\/AdobeStock_176872976-1536x1022.jpeg 1536w, https:\/\/senhorviagens.com\/wp-content\/uploads\/2022\/10\/AdobeStock_176872976-2048x1363.jpeg 2048w, https:\/\/senhorviagens.com\/wp-content\/uploads\/2022\/10\/AdobeStock_176872976-150x100.jpeg 150w\" sizes=\"(max-width: 1024px) 100vw, 1024px\" \/><figcaption class=\"mt-5 text-xs text-center border-b pb-4\" >Alors d\u00e9couvrez quelques suggestions pour organiser votre valise ! Source : AdobeStock.<\/figcaption><\/figure>\n<\/div><!--image--><div class=\"mx-5 sm:mx-0 prose leading-relaxed text-lg mb-5 text-left wp-paragraph\">\n<p>M\u00eame pour les voyageurs exp\u00e9riment\u00e9s, organiser une valise professionnelle peut \u00eatre un d\u00e9fi. C\u2019est pourquoi nous avons rassembl\u00e9 quelques conseils qui vous aideront \u00e0 pr\u00e9parer vos bagages pour l\u2019embarquement. Voir ci-dessous!<\/p>\n<\/div><!--advertisement--><div class=\"mx-5 sm:mx-0 sm:text-3xl text-2xl font-medium title-font mb-4 text-gray-900 text-left\">\n<h3>Organiser l&#039;ordre du jour<\/h3>\n<\/div><div class=\"mx-5 sm:mx-0 prose leading-relaxed text-lg mb-5 text-left wp-paragraph\">\n<p>M\u00eame s&#039;il n&#039;est pas toujours possible de planifier un voyage d&#039;affaires \u00e0 l&#039;avance, garder un emploi du temps organis\u00e9 vous aidera m\u00eame lors de d\u00e9placements de derni\u00e8re minute. Apr\u00e8s tout, c&#039;est ici que vous v\u00e9rifiez vos engagements.<\/p>\n<\/div><div class=\"mx-5 sm:mx-0 prose leading-relaxed text-lg mb-5 text-left wp-paragraph\">\n<p>Si vous avez le temps de planifier sereinement, assurez-vous de v\u00e9rifier toutes les obligations pr\u00e9vues et de reporter les horaires \u00e0 d&#039;autres jours. Pendant ce temps, notez les r\u00e9unions et les t\u00e2ches que vous devez accomplir pendant votre voyage.<\/p>\n<\/div><!--advertisement--><div class=\"mx-5 sm:mx-0 sm:text-3xl text-2xl font-medium title-font mb-4 text-gray-900 text-left\">\n<h3>Pr\u00e9visions m\u00e9t\u00e9orologiques<\/h3>\n<\/div><div class=\"mx-5 sm:mx-0 prose leading-relaxed text-lg mb-5 text-left wp-paragraph\">\n<p>L\u2019un des principaux conseils lorsque vous pr\u00e9parez votre sac de voyage pour le travail est de v\u00e9rifier les pr\u00e9visions m\u00e9t\u00e9orologiques. Cela peut para\u00eetre \u00e9vident, mais de nombreux voyageurs ignorent encore cette \u00e9tape lors de l\u2019organisation de leurs bagages.<\/p>\n<\/div><div class=\"mx-5 sm:mx-0 prose leading-relaxed text-lg mb-5 text-left wp-paragraph\">\n<p>Il est cependant indispensable de conna\u00eetre le climat de votre destination pour trier vos v\u00eatements et objets indispensables. Alors, pour \u00e9viter les surprises en d\u00e9barquant et d\u00e9couvrir que vous n&#039;avez pas emport\u00e9 de v\u00eatements adapt\u00e9s, consultez la m\u00e9t\u00e9o !<\/p>\n<\/div><!--advertisement--><div class=\"mx-5 sm:mx-0 sm:text-3xl text-2xl font-medium title-font mb-4 text-gray-900 text-left\">\n<h3>Documents<\/h3>\n<\/div><div class=\"mx-5 sm:mx-0 prose leading-relaxed text-lg mb-5 text-left wp-paragraph\">\n<p>Lorsqu&#039;il s&#039;agit de voyages d&#039;affaires, il n&#039;y a pas que les documents comme la carte d&#039;identit\u00e9 et le passeport qu&#039;il est important d&#039;emporter avec vous. En ce sens, il est \u00e9galement n\u00e9cessaire de m\u00e9moriser les proc\u00e8s-verbaux des r\u00e9unions, les contrats et autres documents. <\/p>\n<\/div><div class=\"mx-5 sm:mx-0 prose leading-relaxed text-lg mb-5 text-left wp-paragraph\">\n<p>M\u00eame si la plupart d&#039;entre eux ont d\u00e9j\u00e0 \u00e9t\u00e9 remplac\u00e9s par la version num\u00e9rique, pensez \u00e0 tous les mettre sur une cl\u00e9 USB, un disque dur externe ou \u00e0 les sauvegarder dans le cloud. <\/p>\n<\/div><div class=\"mx-5 sm:mx-0 prose leading-relaxed text-lg mb-5 text-left wp-paragraph\">\n<p>Malheureusement, certains voyages d\u2019affaires peuvent mal tourner sans certains documents, alors planifiez \u00e0 l\u2019avance ! Vous pouvez m\u00eame r\u00e9gler des alarmes sur votre t\u00e9l\u00e9phone portable pour ne rien oublier.<\/p>\n<\/div><!--advertisement--><div class=\"mx-5 sm:mx-0 sm:text-3xl text-2xl font-medium title-font mb-4 text-gray-900 text-left\">\n<h3>Fais une liste<\/h3>\n<\/div><div class=\"mx-5 sm:mx-0 prose leading-relaxed text-lg mb-5 text-left wp-paragraph\">\n<p>Vous voulez \u00eatre s\u00fbr de n\u2019oublier aucun objet, document ou v\u00eatement ? Alors faites une liste de tout ce que vous devez emporter avec vous lors de votre voyage de travail ! En fait, il existe des applications qui donnent des conseils incroyables sur ce qu\u2019il faut emporter.<\/p>\n<\/div><div class=\"mx-5 sm:mx-0 prose leading-relaxed text-lg mb-5 text-left wp-paragraph\">\n<p>Alors, ne perdez pas de temps et t\u00e9l\u00e9chargez-le ou mettez-le sur votre crayon avant de commencer \u00e0 tout ranger dans votre valise. Vous pourrez ainsi rayer \u00e9l\u00e9ment par \u00e9l\u00e9ment pour \u00eatre s\u00fbr de ne rien oublier.<\/p>\n<\/div><!--advertisement--><div class=\"mx-5 sm:mx-0 sm:text-3xl text-2xl font-medium title-font mb-4 text-gray-900 text-left\">\n<h3>Choisissez votre valise<\/h3>\n<\/div><div class=\"mx-5 sm:mx-0 prose leading-relaxed text-lg mb-5 text-left wp-paragraph\">\n<p>Une fois que vous avez pr\u00e9par\u00e9 votre liste de ce que vous devez emporter dans vos bagages, il est temps de choisir le type de valise pour votre voyage. Apr\u00e8s tout, il existe diff\u00e9rentes tailles et mod\u00e8les et tout d\u00e9pendra du temps que vous allez passer dehors.<\/p>\n<\/div><div class=\"mx-5 sm:mx-0 prose leading-relaxed text-lg mb-5 text-left wp-paragraph\">\n<p>Si votre voyage est plus long et que le trajet se fait en avion, choisissez une valise structur\u00e9e et l\u00e9g\u00e8re. Attention \u00e0 ne pas choisir un mod\u00e8le trop lourd et finir par payer un exc\u00e9dent de bagages !<\/p>\n<\/div><!--advertisement--><div class=\"mx-5 sm:mx-0 sm:text-3xl text-2xl font-medium title-font mb-4 text-gray-900 text-left\">\n<h3>D\u00e9guisements<\/h3>\n<\/div><div class=\"mx-5 sm:mx-0 prose leading-relaxed text-lg mb-5 text-left wp-paragraph\">\n<p>En plus de changer de v\u00eatements et de sous-v\u00eatements d\u00e9contract\u00e9s, lors d&#039;un voyage d&#039;affaires, vous devez \u00e9galement penser aux costumes et aux chemises. Pour les hommes comme pour les femmes, l\u2019id\u00e9al est de prendre 2 mod\u00e8les diff\u00e9rents.<\/p>\n<\/div><div class=\"mx-5 sm:mx-0 prose leading-relaxed text-lg mb-5 text-left wp-paragraph\">\n<p>M\u00eame si le voyage est plus long, il n&#039;y a aucun probl\u00e8me \u00e0 r\u00e9p\u00e9ter les blazers et les pantalons, par exemple. Choisissez des couleurs plus neutres et utilisez la buanderie du logement ou faites-la laver si un objet finit par se salir.<\/p>\n<\/div><!--advertisement--><div class=\"mx-5 sm:mx-0 sm:text-3xl text-2xl font-medium title-font mb-4 text-gray-900 text-left\">\n<h3>Batterie portative<\/h3>\n<\/div><div class=\"mx-5 sm:mx-0 prose leading-relaxed text-lg mb-5 text-left wp-paragraph\">\n<p>Comme tout est num\u00e9rique de nos jours, il est essentiel de se pr\u00e9parer avec une batterie portable. Apr\u00e8s tout, vous pouvez avoir des probl\u00e8mes si vous devez acc\u00e9der \u00e0 votre ordinateur, votre t\u00e9l\u00e9phone portable ou m\u00eame votre tablette et que l&#039;appareil est \u00e0 court de batterie !<\/p>\n<\/div><div class=\"mx-5 sm:mx-0 prose leading-relaxed text-lg mb-5 text-left wp-paragraph\">\n<p>Apr\u00e8s tout, ces appareils sont actuellement tr\u00e8s utilis\u00e9s et la batterie ne durera pas \u00e9ternellement. Alors ne vous pr\u00e9cipitez pas et attendez la derni\u00e8re minute ! S\u00e9parez une Power Bank et mettez-la dans votre sac.<\/p>\n<\/div><div class=\"mx-5 sm:mx-0 prose leading-relaxed text-lg mb-5 text-left wp-paragraph\">\n<p>Maintenant que vous avez s\u00e9par\u00e9 tout ce que vous devez emporter, faire en sorte que tout rentre dans votre valise peut \u00eatre un autre d\u00e9fi. Mais saviez-vous qu\u2019il existe des cours qui peuvent vous aider \u00e0 bien organiser votre valise ?<\/p>\n<\/div><div class=\"mx-5 sm:mx-0 prose leading-relaxed text-lg mb-5 text-left wp-paragraph\">\n<p>C&#039;est exact! Vous pouvez consulter encore plus de conseils sur la fa\u00e7on de pr\u00e9parer votre sac de voyage pour le travail et le plaisir afin de ne plus jamais rien laisser derri\u00e8re vous. D\u00e9couvrez ci-dessous comment acheter le cours \u00ab Votre valise organis\u00e9e \u00bb et apprenez comment le faire !<\/p>\n<\/div><div class=\"wp-block-lazyblock-cta lazyblock-cta-ZGObLx\">\n  <section class=\"cta mx-5 sm:mx-0 text-gray-600 body-font my-10 border-gray-200 border-b border-l border-r sm:border-0\">\n    <div class=\"h-1 bg-gray-200 rounded overflow-hidden\">\n      <div class=\"w-24 h-full\"><\/div>\n    <\/div>\n    <div class=\"container px-5 pt-6 pb-6 mx-auto flex flex-wrap\" data-anchor-target=\"lazyBlock\">    \n    \n              <a class=\"flex flex-wrap content-center w-full mb-4 md:hidden\" href=\"https:\/\/senhorviagens.com\/fr\/como-comprar-curso-sua-mala-organizada\/\"  data-analytics-label=\"ctaImage\" data-action=\"analytics#trackCTA\" aria-label=\"Course Your Bag Organized : voir comment acheter \">\n          <div class=\"m-auto float-none\">\n            <img loading=\"lazy\" src=\"https:\/\/senhorviagens.com\/wp-content\/uploads\/2022\/01\/Mala-1.jpg\" alt=\"Iara Restini com logo do curso\">\n          <\/div>\n        <\/a>\n            <h2 class=\"w-full sm:text-3xl text-2xl text-gray-900 font-medium title-font mb-2 text-center md:text-left md:w-2\/5\">\n        <a href=\"https:\/\/senhorviagens.com\/fr\/como-comprar-curso-sua-mala-organizada\/\" data-analytics-label=\"ctaTitle\" data-action=\"analytics#trackCTA\" aria-label=\"Course Your Bag Organized : voir comment acheter \">\n            Course Your Bag Organized : voir comment acheter         <\/a>\n      <\/h2>\n      <div class=\"w-full md:w-3\/5 md:pl-6\">\n        <p class=\"text-center md:text-left leading-relaxed text-base\">\n            Apr\u00e8s avoir achet\u00e9 le cours Your Bag Organized, vous n&#039;aurez plus jamais \u00e0 vous soucier de vos bagages ou \u00e0 oublier des objets \u00e0 la maison. D\u00e9couvrez le pas \u00e0 pas pour vous inscrire et acheter le cours !         <\/p>\n        <div class=\"flex mt-6 w-full flex-1 justify-center ml-auto md:mt-4 md:justify-start\" style=\"font-weight: bold;\">\n          <a class=\"inline-flex items-center\" href=\"https:\/\/senhorviagens.com\/fr\/como-comprar-curso-sua-mala-organizada\/\"  data-analytics-label=\"ctaButton\" data-action=\"analytics#trackCTA\" >\n            Continuer la conf\u00e9rence            <svg fill=\"none\" stroke=\"currentColor\" stroke-linecap=\"round\" stroke-linejoin=\"round\" stroke-width=\"2\" class=\"w-4 h-4 ml-2\" viewbox=\"0 0 24 24\">\n              <path d=\"M5 12h14M12 5l7 7-7 7\"><\/path>\n            <\/svg>\n          <\/a>\n        <\/div>\n      <\/div>  \n          \n    <\/div>\n      <script type=\"module\"> function waitFor(conditionFunction) { const poll = resolve => { if(conditionFunction()) resolve(); else setTimeout(_ => poll(resolve), 400); }; return new Promise(poll); } import { Application, Controller } from \"\/wp-content\/themes\/twentytwentyone\/assets\/js\/stimulus.min.js\"; let Stimulus = Application.start(); Stimulus.register(\"anchor\", class extends Controller { static get targets() { return [ \"lazyBlock\", \"lazyBlockAnchor\" ]; } initialize() { this.active = false; this.passed = false; this.closed = false; this.anchorViews = 0; this.boundOnShowAnchor = this.onShowAnchor.bind(this); window.anchorReady = window.anchorReady || false; waitFor(_ => (window.scrollY > this.getHeightBlock() && !this.active)) .then(_ => { !window.anchorReady? this.visible() : ''; window.anchorReady = true; }); if (document.getElementById('landing')) { setTimeout(() => { !window.anchorReady ? this.visible() : ''; window.anchorReady = true; }, 1 * 30000); }; } connect() { this.onShowAnchor(); document.addEventListener(\"scroll\", this.boundOnShowAnchor); } disconnect() { document.removeEventListener(\"scroll\", this.boundOnShowAnchor); } visible() { if (document.getElementById('av-offerwall__wrapper')) { setTimeout(() => this.visible(), 20000); return; } if (document.getElementById('av-fixed__bottomWrapper') && document.getElementById('av-fixed__bottomWrapper').style.display !== 'none' && document.getElementById('av-fixed__bottomWrapper').getBoundingClientRect().height > 100) { setTimeout(() => this.visible(), 1000); return; } if (document.getElementById('av-fixed__bottomWrapper') && document.getElementById('av-fixed__bottomWrapper').style.display !== 'none' && document.getElementById('av-fixed__bottomWrapper').getBoundingClientRect().height > 10) { this.getAnchorElement().style.marginBottom = '60px'; } if (document.querySelector('[data-anchor-shown=\"true\"]') && document.querySelector('[data-anchor-shown=\"true\"]').style.bottom === '0px') { setTimeout(() => this.visible(), 1000); return; } if (!window.km2AnchorReady) { this.active = true; \/*this.getAnchorElement().style.animation = \"none\"; this.getAnchorElement().classList.remove('animate-show-down');*\/ \/*this.getAnchorElement().classList.add('animate-show-up');*\/ \/*setTimeout(() => {*\/ \/*this.getAnchorElement().style.animation = \"\";*\/ this.getAnchorElement().classList.add('animate-show-up'); this.getAnchorElement().classList.remove('hidden'); this.setAnchorViews(this.anchorViews+1); setTimeout(() => this.closeAnchor(), 20000); waitFor(_ => (document.getElementById('av-fixed__bottomWrapper') && document.getElementById('av-fixed__bottomWrapper').style.display !== 'none' && document.getElementById('av-fixed__bottomWrapper').getBoundingClientRect().height > 10 && this.getAnchorElement().style.marginBottom !== '60px')) .then(_ => { this.closeAnchor(); }); this.active = false; \/*}, 10);*\/ } } invisible() { this.active = true; this.getAnchorElement().style.animation = \"none\"; this.getAnchorElement().classList.remove('animate-show-up'); this.getAnchorElement().classList.add('animate-show-down'); setTimeout(() => { this.getAnchorElement().style.animation = \"\"; setTimeout(() => { this.getAnchorElement().classList.add('hidden'); this.active = false; }, 800); }, 10); } onShowAnchor() { let anchorReady = false;  \/*if (!this.active && !anchorReady) { if (this.getAnchorViews() <= 3) { if (window.scrollY > this.getHeightBlock()) { if (!this.passed && !this.closed) { this.visible(); this.passed = true; } } else { if (this.passed) { this.invisible(); this.passed = false; } } } else { if (!this.getAnchorElement().classList.contains('close')) { this.getAnchorElement().classList.add('close'); if (window.scrollY < this.getHeightBlock()) { this.invisible(); } } } }*\/ } closeAnchor() { if (this.closed) return; this.invisible(); this.getAnchorElement().classList.add('close'); this.closed = true; } getAnchorElement() { return this.lazyBlockAnchorTargets[0]; } getAnchorViews() { this.anchorViews = parseInt(sessionStorage.getItem(\"anchorViews\")) >= 1 ? parseInt(sessionStorage.getItem(\"anchorViews\")) : 0; return this.anchorViews; } setAnchorViews(views) { sessionStorage.setItem(\"anchorViews\", views); } getHeightBlock() { return this.lazyBlockTarget.offsetTop + this.lazyBlockTarget.offsetHeight - 110; } }) <\/script>  <div data-anchor-target=\"lazyBlockAnchor\" class=\"fixed w-full sm:w-96 px-3 py-2 bottom-0 left-0 hidden\" style=\"z-index: 999999;\" name=\"lazyBlockAnchor\">\n    <div class=\"grid justify-items-stretch\">        \n              <div class=\"relative justify-self-end top-4 -right-2\">\n          <button data-no-translation class=\"bg-white text-md font-medium text-center rounded-full h-7 w-7 border-2\" data-analytics-label=\"anchorCloseAnchor\" data-action=\"anchor#closeAnchor\" style=\"z-index: 999999;\">\n            X\n          <\/button>\n        <\/div>\n        <div class=\"justify-self-auto flex flex-col h-32 bg-white border-solid border-2 shadow-md rounded-md\">\n          <div class=\"flex my-0 h-full\">\n            <div class=\"w-2\/5 p-1 ml-2 mt-2 w-full\">\n              <a href=\"https:\/\/senhorviagens.com\/fr\/como-comprar-curso-sua-mala-organizada\/\"  data-analytics-label=\"anchorImage\" data-action=\"analytics#trackCTA\">          \n                <img loading=\"lazy\" alt=\"card\" class=\"w-full object-cover h-24 object-center rounded justify-self-auto border-2 border-gray-100\" src=\"https:\/\/senhorviagens.com\/wp-content\/uploads\/2022\/01\/Mala-1.jpg\">          \n              <\/a>\n            <\/div>\n            <div class=\"w-3\/5 my-2\">\n              <p class=\"px-4 text-center text-xs h-1\/2\">\n                Course Your Bag Organized : voir comment acheter              <\/p>\n              <a href=\"https:\/\/senhorviagens.com\/fr\/como-comprar-curso-sua-mala-organizada\/\"  data-analytics-label=\"anchorButton\" data-action=\"analytics#trackCTA\" >\n                <button class=\"flex w-5\/6 m-auto mt-2 border-0 py-1 px-3 focus:outline-none rounded\">                \n                  <p class=\"text-center w-full\" style=\"font-size: 0.67rem;\">\n                    Continuer la conf\u00e9rence                  <\/p>\n                <\/button>\n              <\/a>\n              <p class=\"text-gray-500 text-center mt-1\" style=\"font-size: 0.50rem;\">\n                Je me reposerai sur mon propre site Web              <\/p>\n            <\/div>\n          <\/div>\n        <\/div>\n          <\/div>\n  <\/div>\n  <\/section>\n\n<\/div>","protected":false},"excerpt":{"rendered":"<p>Dans une valise de voyage d&#039;affaires, il existe quelques diff\u00e9rences d&#039;organisation afin que vous puissiez \u00e9viter les pertes et ne rien laisser derri\u00e8re vous. Voici quelques conseils pour planifier l\u2019optimisation de vos bagages !<\/p>","protected":false},"author":6,"featured_media":6414,"comment_status":"open","ping_status":"open","sticky":false,"template":"","format":"standard","meta":[],"categories":[6,7],"tags":[974,293,469],"yoast_head":"<!-- This site is optimized with the Yoast SEO Premium plugin v18.7 (Yoast SEO v19.1) - https:\/\/yoast.com\/wordpress\/plugins\/seo\/ -->\n<title>7 dicas para organizar sua mala de viagem a trabalho! - Senhor Viagens<\/title>\n<meta name=\"description\" content=\"Dentre as dicas para uma mala de viagem a trabalho organizada est\u00e3o se organizar ao m\u00e1ximo, separar documentos e separar roupas adequadas!\" \/>\n<meta name=\"robots\" content=\"index, follow, max-snippet:-1, max-image-preview:large, max-video-preview:-1\" \/>\n<link rel=\"canonical\" href=\"https:\/\/senhorviagens.com\/fr\/dicas-mala-de-viagem-a-trabalho\/\" \/>\n<meta property=\"og:locale\" content=\"fr_FR\" \/>\n<meta property=\"og:type\" content=\"article\" \/>\n<meta property=\"og:title\" content=\"7 dicas para organizar sua mala de viagem a trabalho!\" \/>\n<meta property=\"og:description\" content=\"Dentre as dicas para uma mala de viagem a trabalho organizada est\u00e3o se organizar ao m\u00e1ximo, separar documentos e separar roupas adequadas!\" \/>\n<meta property=\"og:url\" content=\"https:\/\/senhorviagens.com\/fr\/dicas-mala-de-viagem-a-trabalho\/\" \/>\n<meta property=\"og:site_name\" content=\"Senhor Viagens\" \/>\n<meta property=\"article:published_time\" content=\"2022-10-28T20:00:00+00:00\" \/>\n<meta property=\"article:modified_time\" content=\"2022-10-28T16:45:36+00:00\" \/>\n<meta property=\"og:image\" content=\"https:\/\/senhorviagens.com\/wp-content\/uploads\/2022\/10\/AdobeStock_513506404-scaled.jpeg\" \/>\n\t<meta property=\"og:image:width\" content=\"2560\" \/>\n\t<meta property=\"og:image:height\" content=\"1709\" \/>\n\t<meta property=\"og:image:type\" content=\"image\/jpeg\" \/>\n<meta name=\"twitter:card\" content=\"summary_large_image\" \/>\n<meta name=\"twitter:creator\" content=\"@sam.scorbaioli@gmail.com\" \/>\n<meta name=\"twitter:label1\" content=\"Written by\" \/>\n\t<meta name=\"twitter:data1\" content=\"Samantha Scorbaioli\" \/>\n\t<meta name=\"twitter:label2\" content=\"Est. reading time\" \/>\n\t<meta name=\"twitter:data2\" content=\"7 minutes\" \/>\n<script type=\"application\/ld+json\" class=\"yoast-schema-graph\">{\"@context\":\"https:\/\/schema.org\",\"@graph\":[{\"@type\":\"WebSite\",\"@id\":\"https:\/\/senhorviagens.com\/#website\",\"url\":\"https:\/\/senhorviagens.com\/\",\"name\":\"Senhor Viagens\",\"description\":\"As melhores dicas para voc\u00ea planejar sua pr\u00f3xima viagem\",\"potentialAction\":[{\"@type\":\"SearchAction\",\"target\":{\"@type\":\"EntryPoint\",\"urlTemplate\":\"https:\/\/senhorviagens.com\/?s={search_term_string}\"},\"query-input\":\"required name=search_term_string\"}],\"inLanguage\":\"fr-FR\"},{\"@type\":\"ImageObject\",\"inLanguage\":\"fr-FR\",\"@id\":\"https:\/\/senhorviagens.com\/dicas-mala-de-viagem-a-trabalho\/#primaryimage\",\"url\":\"https:\/\/senhorviagens.com\/wp-content\/uploads\/2022\/10\/AdobeStock_513506404-scaled.jpeg\",\"contentUrl\":\"https:\/\/senhorviagens.com\/wp-content\/uploads\/2022\/10\/AdobeStock_513506404-scaled.jpeg\",\"width\":2560,\"height\":1709,\"caption\":\"Fonte: AdobeStock.\"},{\"@type\":\"WebPage\",\"@id\":\"https:\/\/senhorviagens.com\/dicas-mala-de-viagem-a-trabalho\/#webpage\",\"url\":\"https:\/\/senhorviagens.com\/dicas-mala-de-viagem-a-trabalho\/\",\"name\":\"7 dicas para organizar sua mala de viagem a trabalho! - Senhor Viagens\",\"isPartOf\":{\"@id\":\"https:\/\/senhorviagens.com\/#website\"},\"primaryImageOfPage\":{\"@id\":\"https:\/\/senhorviagens.com\/dicas-mala-de-viagem-a-trabalho\/#primaryimage\"},\"datePublished\":\"2022-10-28T20:00:00+00:00\",\"dateModified\":\"2022-10-28T16:45:36+00:00\",\"author\":{\"@id\":\"https:\/\/senhorviagens.com\/#\/schema\/person\/e615897c5007933f7aaf45d6de3d9bbf\"},\"description\":\"Dentre as dicas para uma mala de viagem a trabalho organizada est\u00e3o se organizar ao m\u00e1ximo, separar documentos e separar roupas adequadas!\",\"breadcrumb\":{\"@id\":\"https:\/\/senhorviagens.com\/dicas-mala-de-viagem-a-trabalho\/#breadcrumb\"},\"inLanguage\":\"fr-FR\",\"potentialAction\":[{\"@type\":\"ReadAction\",\"target\":[\"https:\/\/senhorviagens.com\/dicas-mala-de-viagem-a-trabalho\/\"]}]},{\"@type\":\"BreadcrumbList\",\"@id\":\"https:\/\/senhorviagens.com\/dicas-mala-de-viagem-a-trabalho\/#breadcrumb\",\"itemListElement\":[{\"@type\":\"ListItem\",\"position\":1,\"name\":\"Home\",\"item\":\"https:\/\/senhorviagens.com\/\"},{\"@type\":\"ListItem\",\"position\":2,\"name\":\"7 dicas para organizar sua mala de viagem a trabalho!\"}]},{\"@type\":\"Person\",\"@id\":\"https:\/\/senhorviagens.com\/#\/schema\/person\/e615897c5007933f7aaf45d6de3d9bbf\",\"name\":\"Samantha Scorbaioli\",\"image\":{\"@type\":\"ImageObject\",\"inLanguage\":\"fr-FR\",\"@id\":\"https:\/\/senhorviagens.com\/#\/schema\/person\/image\/\",\"url\":\"https:\/\/secure.gravatar.com\/avatar\/a087ecec51f980b678c50a15d4c223f2?s=96&d=mm&r=g\",\"contentUrl\":\"https:\/\/secure.gravatar.com\/avatar\/a087ecec51f980b678c50a15d4c223f2?s=96&d=mm&r=g\",\"caption\":\"Samantha Scorbaioli\"},\"description\":\"Apaixonada por viver novas experi\u00eancias, culturas e sempre em busca de conhecimento e novos desafios. Possui experi\u00eancia em Hotelaria e Turismo e h\u00e1 alguns anos atua na \u00e1rea de produ\u00e7\u00e3o de conte\u00fado.\",\"sameAs\":[\"https:\/\/twitter.com\/sam.scorbaioli@gmail.com\"],\"url\":\"https:\/\/senhorviagens.com\/fr\/author\/sam-scorbaioligmail-com\/\"}]}<\/script>\n<!-- \/ Yoast SEO Premium plugin. -->","yoast_head_json":{"title":"7 dicas para organizar sua mala de viagem a trabalho! - Senhor Viagens","description":"Dentre as dicas para uma mala de viagem a trabalho organizada est\u00e3o se organizar ao m\u00e1ximo, separar documentos e separar roupas adequadas!","robots":{"index":"index","follow":"follow","max-snippet":"max-snippet:-1","max-image-preview":"max-image-preview:large","max-video-preview":"max-video-preview:-1"},"canonical":"https:\/\/senhorviagens.com\/fr\/dicas-mala-de-viagem-a-trabalho\/","og_locale":"fr_FR","og_type":"article","og_title":"7 dicas para organizar sua mala de viagem a trabalho!","og_description":"Dentre as dicas para uma mala de viagem a trabalho organizada est\u00e3o se organizar ao m\u00e1ximo, separar documentos e separar roupas adequadas!","og_url":"https:\/\/senhorviagens.com\/fr\/dicas-mala-de-viagem-a-trabalho\/","og_site_name":"Senhor Viagens","article_published_time":"2022-10-28T20:00:00+00:00","article_modified_time":"2022-10-28T16:45:36+00:00","og_image":[{"width":2560,"height":1709,"url":"https:\/\/senhorviagens.com\/wp-content\/uploads\/2022\/10\/AdobeStock_513506404-scaled.jpeg","type":"image\/jpeg"}],"twitter_card":"summary_large_image","twitter_creator":"@sam.scorbaioli@gmail.com","twitter_misc":{"Written by":"Samantha Scorbaioli","Est. reading time":"7 minutes"},"schema":{"@context":"https:\/\/schema.org","@graph":[{"@type":"WebSite","@id":"https:\/\/senhorviagens.com\/#website","url":"https:\/\/senhorviagens.com\/","name":"Senhor Viagens","description":"As melhores dicas para voc\u00ea planejar sua pr\u00f3xima viagem","potentialAction":[{"@type":"SearchAction","target":{"@type":"EntryPoint","urlTemplate":"https:\/\/senhorviagens.com\/?s={search_term_string}"},"query-input":"required name=search_term_string"}],"inLanguage":"fr-FR"},{"@type":"ImageObject","inLanguage":"fr-FR","@id":"https:\/\/senhorviagens.com\/dicas-mala-de-viagem-a-trabalho\/#primaryimage","url":"https:\/\/senhorviagens.com\/wp-content\/uploads\/2022\/10\/AdobeStock_513506404-scaled.jpeg","contentUrl":"https:\/\/senhorviagens.com\/wp-content\/uploads\/2022\/10\/AdobeStock_513506404-scaled.jpeg","width":2560,"height":1709,"caption":"Fonte: AdobeStock."},{"@type":"WebPage","@id":"https:\/\/senhorviagens.com\/dicas-mala-de-viagem-a-trabalho\/#webpage","url":"https:\/\/senhorviagens.com\/dicas-mala-de-viagem-a-trabalho\/","name":"7 dicas para organizar sua mala de viagem a trabalho! - Senhor Viagens","isPartOf":{"@id":"https:\/\/senhorviagens.com\/#website"},"primaryImageOfPage":{"@id":"https:\/\/senhorviagens.com\/dicas-mala-de-viagem-a-trabalho\/#primaryimage"},"datePublished":"2022-10-28T20:00:00+00:00","dateModified":"2022-10-28T16:45:36+00:00","author":{"@id":"https:\/\/senhorviagens.com\/#\/schema\/person\/e615897c5007933f7aaf45d6de3d9bbf"},"description":"Dentre as dicas para uma mala de viagem a trabalho organizada est\u00e3o se organizar ao m\u00e1ximo, separar documentos e separar roupas adequadas!","breadcrumb":{"@id":"https:\/\/senhorviagens.com\/dicas-mala-de-viagem-a-trabalho\/#breadcrumb"},"inLanguage":"fr-FR","potentialAction":[{"@type":"ReadAction","target":["https:\/\/senhorviagens.com\/dicas-mala-de-viagem-a-trabalho\/"]}]},{"@type":"BreadcrumbList","@id":"https:\/\/senhorviagens.com\/dicas-mala-de-viagem-a-trabalho\/#breadcrumb","itemListElement":[{"@type":"ListItem","position":1,"name":"Home","item":"https:\/\/senhorviagens.com\/"},{"@type":"ListItem","position":2,"name":"7 dicas para organizar sua mala de viagem a trabalho!"}]},{"@type":"Person","@id":"https:\/\/senhorviagens.com\/#\/schema\/person\/e615897c5007933f7aaf45d6de3d9bbf","name":"Samantha Scorbaioli","image":{"@type":"ImageObject","inLanguage":"fr-FR","@id":"https:\/\/senhorviagens.com\/#\/schema\/person\/image\/","url":"https:\/\/secure.gravatar.com\/avatar\/a087ecec51f980b678c50a15d4c223f2?s=96&d=mm&r=g","contentUrl":"https:\/\/secure.gravatar.com\/avatar\/a087ecec51f980b678c50a15d4c223f2?s=96&d=mm&r=g","caption":"Samantha Scorbaioli"},"description":"Apaixonada por viver novas experi\u00eancias, culturas e sempre em busca de conhecimento e novos desafios. Possui experi\u00eancia em Hotelaria e Turismo e h\u00e1 alguns anos atua na \u00e1rea de produ\u00e7\u00e3o de conte\u00fado.","sameAs":["https:\/\/twitter.com\/sam.scorbaioli@gmail.com"],"url":"https:\/\/senhorviagens.com\/fr\/author\/sam-scorbaioligmail-com\/"}]}},"_links":{"self":[{"href":"https:\/\/senhorviagens.com\/fr\/wp-json\/wp\/v2\/posts\/6413"}],"collection":[{"href":"https:\/\/senhorviagens.com\/fr\/wp-json\/wp\/v2\/posts"}],"about":[{"href":"https:\/\/senhorviagens.com\/fr\/wp-json\/wp\/v2\/types\/post"}],"author":[{"embeddable":true,"href":"https:\/\/senhorviagens.com\/fr\/wp-json\/wp\/v2\/users\/6"}],"replies":[{"embeddable":true,"href":"https:\/\/senhorviagens.com\/fr\/wp-json\/wp\/v2\/comments?post=6413"}],"version-history":[{"count":0,"href":"https:\/\/senhorviagens.com\/fr\/wp-json\/wp\/v2\/posts\/6413\/revisions"}],"wp:featuredmedia":[{"embeddable":true,"href":"https:\/\/senhorviagens.com\/fr\/wp-json\/wp\/v2\/media\/6414"}],"wp:attachment":[{"href":"https:\/\/senhorviagens.com\/fr\/wp-json\/wp\/v2\/media?parent=6413"}],"wp:term":[{"taxonomy":"category","embeddable":true,"href":"https:\/\/senhorviagens.com\/fr\/wp-json\/wp\/v2\/categories?post=6413"},{"taxonomy":"post_tag","embeddable":true,"href":"https:\/\/senhorviagens.com\/fr\/wp-json\/wp\/v2\/tags?post=6413"}],"curies":[{"name":"wp","href":"https:\/\/api.w.org\/{rel}","templated":true}]}}